{"id":21754,"date":"2026-01-13T15:51:07","date_gmt":"2026-01-13T14:51:07","guid":{"rendered":"https:\/\/codipro.net\/?p=21754"},"modified":"2026-01-13T15:53:25","modified_gmt":"2026-01-13T14:53:25","slug":"ejes-largos-en-codipro-nuestro-trabajo-diario-se-centra-en-las-necesidades-especificas","status":"publish","type":"post","link":"https:\/\/codipro.net\/es\/ejes-largos-en-codipro-nuestro-trabajo-diario-se-centra-en-las-necesidades-especificas\/","title":{"rendered":"Ejes largos: en CODIPRO, nuestro trabajo diario se centra en las necesidades \u201cespec\u00edficas\u201d"},"content":{"rendered":"<section class=\"section section--content\">\r\n  <p><img decoding=\"async\" class=\"alignnone size-medium wp-image-21905\" src=\"https:\/\/codipro.net\/app\/uploads\/2026\/01\/codipro-2601-article-3-long-bolts-300x200.jpg\" alt=\"\" width=\"300\" height=\"200\" srcset=\"https:\/\/codipro.net\/app\/uploads\/2026\/01\/codipro-2601-article-3-long-bolts-300x200.jpg 300w, https:\/\/codipro.net\/app\/uploads\/2026\/01\/codipro-2601-article-3-long-bolts.jpg 750w\" sizes=\"(max-width: 300px) 100vw, 300px\" \/><\/p>\n<p>&nbsp;<\/p>\n<p>Siempre que se habla de los ejes largos se utiliza una palabra: \u201cespec\u00edfico\u201d y esto significa que no hay lugar para la improvisaci\u00f3n. \u00bfA qu\u00e9 se debe esto?<\/p>\n<p>Esto se debe a que este tipo de producto responde a exigencias precisas, t\u00e9cnicas y, con mucha frecuencia, a medida. En <strong>CODIPRO<\/strong>, hemos hecho de lo \u201cespec\u00edfico\u201d nuestra especialidad.<\/p>\n<p>&nbsp;<\/p>\n<h3><strong>\ud83d\udd29 Una gama amplia y adaptable<\/strong><\/h3>\n<p>Las roscas disponibles en nuestros ejes largos abarcan un amplio abanico:<\/p>\n<ul>\n<li>La M8 para el modelo <strong>DSR<\/strong><\/li>\n<li>Hasta la M64 para el <strong>DSS<\/strong>, pasando por todas las tallas intermedias<\/li>\n<\/ul>\n<p>Pero esto no es todo: tambi\u00e9n proponemos roscas en versi\u00f3n UNC; gracias a esta posibilidad, podemos responder a las necesidades de mercados espec\u00edficos como el de Norteam\u00e9rica.<\/p>\n<p>&nbsp;<\/p>\n<h3><strong>Puede usted elegir entre la articulaci\u00f3n simple o la doble<\/strong><\/h3>\n<p>Nuestros c\u00e1ncamos de elevaci\u00f3n de ejes largos est\u00e1n disponibles en:<\/p>\n<ul>\n<li>articulaci\u00f3n simple para una mayor flexibilidad<\/li>\n<li>articulaci\u00f3n doble para cargas que hay que orientar en todas direcciones<\/li>\n<\/ul>\n<p>Como ven, independientemente de la configuraci\u00f3n necesaria, disponemos de la soluci\u00f3n adaptada.<\/p>\n<p>&nbsp;<\/p>\n<h3><strong>Nuestro stock est\u00e1 siempre disponible para responder con celeridad<\/strong><\/h3>\n<p>En <strong>CODIPRO<\/strong> sabemos que \u201cespec\u00edfico\u201d no debe significar que haya unos plazos interminables de entrega; esta es la raz\u00f3n por la que disponemos de un stock muy importante de los distintos componentes, lo que nos permite responder a sus pedidos en los plazos m\u00e1s cortos.<\/p>\n<p>&nbsp;<\/p>\n<h3><strong>\u23f1\ufe0f \u00bfTiene usted una urgencia? \u00a1Con CODIPRICER la respuesta es inmediata!<\/strong><\/h3>\n<p>Ya no necesita esperar a que le enviemos un presupuesto: puede usted encontrar los distintos precios en l\u00ednea.<\/p>\n<p>\u27a1\ufe0f Visite <strong>CODIPRICER<\/strong>, nuestra herramienta de configuraci\u00f3n r\u00e1pida, simple y accesible 24\/7:\u00a0 <a href=\"http:\/\/www.codipro.net\/codipricer\">www.codipro.net\/codipricer<\/a><\/p>\n<\/section>","protected":false},"excerpt":{"rendered":"","protected":false},"author":7,"featured_media":21905,"comment_status":"closed","ping_status":"closed","sticky":false,"template":"","format":"standard","meta":{"_acf_changed":false,"inline_featured_image":false,"footnotes":""},"categories":[136],"tags":[],"class_list":["post-21754","post","type-post","status-publish","format-standard","has-post-thumbnail","hentry","category-tecnica"],"acf":[],"yoast_head":"<!-- This site is optimized with the Yoast SEO plugin v26.1.1 - https:\/\/yoast.com\/wordpress\/plugins\/seo\/ -->\n<title>Ejes largos: en CODIPRO, nuestro trabajo diario se centra en las necesidades \u201cespec\u00edficas\u201d | CODIPRO<\/title>\n<meta name=\"description\" content=\"Siempre que se habla de los ejes largos se utiliza una palabra: \u201cespec\u00edfico\u201d y esto significa que no hay lugar para la improvisaci\u00f3n. \u00bfA qu\u00e9 se debe esto?Esto se debe a que este tipo de producto responde a exigencias precisas, t\u00e9cnicas y, con mucha frecuencia, a medida. En CODIPRO, hemos hecho de lo \u201cespec\u00edfico\u201d nuestra especialidad.\" \/>\n<meta name=\"robots\" content=\"index, follow, max-snippet:-1, max-image-preview:large, max-video-preview:-1\" \/>\n<link rel=\"canonical\" href=\"https:\/\/codipro.net\/es\/ejes-largos-en-codipro-nuestro-trabajo-diario-se-centra-en-las-necesidades-especificas\/\" \/>\n<meta property=\"og:locale\" content=\"es_ES\" \/>\n<meta property=\"og:type\" content=\"article\" \/>\n<meta property=\"og:title\" content=\"Ejes largos: en CODIPRO, nuestro trabajo diario se centra en las necesidades \u201cespec\u00edficas\u201d | CODIPRO\" \/>\n<meta property=\"og:description\" content=\"Siempre que se habla de los ejes largos se utiliza una palabra: \u201cespec\u00edfico\u201d y esto significa que no hay lugar para la improvisaci\u00f3n. \u00bfA qu\u00e9 se debe esto?Esto se debe a que este tipo de producto responde a exigencias precisas, t\u00e9cnicas y, con mucha frecuencia, a medida. En CODIPRO, hemos hecho de lo \u201cespec\u00edfico\u201d nuestra especialidad.\" \/>\n<meta property=\"og:url\" content=\"https:\/\/codipro.net\/es\/ejes-largos-en-codipro-nuestro-trabajo-diario-se-centra-en-las-necesidades-especificas\/\" \/>\n<meta property=\"og:site_name\" content=\"CODIPRO\" \/>\n<meta property=\"article:published_time\" content=\"2026-01-13T14:51:07+00:00\" \/>\n<meta property=\"article:modified_time\" content=\"2026-01-13T14:53:25+00:00\" \/>\n<meta property=\"og:image\" content=\"https:\/\/codipro.net\/app\/uploads\/2026\/01\/codipro-2601-article-3-long-bolts.jpg\" \/>\n\t<meta property=\"og:image:width\" content=\"750\" \/>\n\t<meta property=\"og:image:height\" content=\"500\" \/>\n\t<meta property=\"og:image:type\" content=\"image\/jpeg\" \/>\n<meta name=\"author\" content=\"Catherine Van Dyck\" \/>\n<meta name=\"twitter:card\" content=\"summary_large_image\" \/>\n<meta name=\"twitter:label1\" content=\"Written by\" \/>\n\t<meta name=\"twitter:data1\" content=\"Catherine Van Dyck\" \/>\n\t<meta name=\"twitter:label2\" content=\"Est. reading time\" \/>\n\t<meta name=\"twitter:data2\" content=\"2 minutes\" \/>\n<script type=\"application\/ld+json\" class=\"yoast-schema-graph\">{\"@context\":\"https:\/\/schema.org\",\"@graph\":[{\"@type\":\"Article\",\"@id\":\"https:\/\/codipro.net\/es\/ejes-largos-en-codipro-nuestro-trabajo-diario-se-centra-en-las-necesidades-especificas\/#article\",\"isPartOf\":{\"@id\":\"https:\/\/codipro.net\/es\/ejes-largos-en-codipro-nuestro-trabajo-diario-se-centra-en-las-necesidades-especificas\/\"},\"author\":{\"name\":\"Catherine Van Dyck\",\"@id\":\"https:\/\/codipro.net\/es\/#\/schema\/person\/dcd1f3b5f9bdaa4cbeff8a983a709443\"},\"headline\":\"Ejes largos: en CODIPRO, nuestro trabajo diario se centra en las necesidades \u201cespec\u00edficas\u201d\",\"datePublished\":\"2026-01-13T14:51:07+00:00\",\"dateModified\":\"2026-01-13T14:53:25+00:00\",\"mainEntityOfPage\":{\"@id\":\"https:\/\/codipro.net\/es\/ejes-largos-en-codipro-nuestro-trabajo-diario-se-centra-en-las-necesidades-especificas\/\"},\"wordCount\":14,\"publisher\":{\"@id\":\"https:\/\/codipro.net\/es\/#organization\"},\"image\":{\"@id\":\"https:\/\/codipro.net\/es\/ejes-largos-en-codipro-nuestro-trabajo-diario-se-centra-en-las-necesidades-especificas\/#primaryimage\"},\"thumbnailUrl\":\"https:\/\/codipro.net\/app\/uploads\/2026\/01\/codipro-2601-article-3-long-bolts.jpg\",\"articleSection\":[\"T\u00e9cnica\"],\"inLanguage\":\"es-ES\"},{\"@type\":\"WebPage\",\"@id\":\"https:\/\/codipro.net\/es\/ejes-largos-en-codipro-nuestro-trabajo-diario-se-centra-en-las-necesidades-especificas\/\",\"url\":\"https:\/\/codipro.net\/es\/ejes-largos-en-codipro-nuestro-trabajo-diario-se-centra-en-las-necesidades-especificas\/\",\"name\":\"Ejes largos: en CODIPRO, nuestro trabajo diario se centra en las necesidades \u201cespec\u00edficas\u201d | CODIPRO\",\"isPartOf\":{\"@id\":\"https:\/\/codipro.net\/es\/#website\"},\"primaryImageOfPage\":{\"@id\":\"https:\/\/codipro.net\/es\/ejes-largos-en-codipro-nuestro-trabajo-diario-se-centra-en-las-necesidades-especificas\/#primaryimage\"},\"image\":{\"@id\":\"https:\/\/codipro.net\/es\/ejes-largos-en-codipro-nuestro-trabajo-diario-se-centra-en-las-necesidades-especificas\/#primaryimage\"},\"thumbnailUrl\":\"https:\/\/codipro.net\/app\/uploads\/2026\/01\/codipro-2601-article-3-long-bolts.jpg\",\"datePublished\":\"2026-01-13T14:51:07+00:00\",\"dateModified\":\"2026-01-13T14:53:25+00:00\",\"description\":\"Siempre que se habla de los ejes largos se utiliza una palabra: \u201cespec\u00edfico\u201d y esto significa que no hay lugar para la improvisaci\u00f3n. \u00bfA qu\u00e9 se debe esto?Esto se debe a que este tipo de producto responde a exigencias precisas, t\u00e9cnicas y, con mucha frecuencia, a medida. En CODIPRO, hemos hecho de lo \u201cespec\u00edfico\u201d nuestra especialidad.\",\"breadcrumb\":{\"@id\":\"https:\/\/codipro.net\/es\/ejes-largos-en-codipro-nuestro-trabajo-diario-se-centra-en-las-necesidades-especificas\/#breadcrumb\"},\"inLanguage\":\"es-ES\",\"potentialAction\":[{\"@type\":\"ReadAction\",\"target\":[\"https:\/\/codipro.net\/es\/ejes-largos-en-codipro-nuestro-trabajo-diario-se-centra-en-las-necesidades-especificas\/\"]}]},{\"@type\":\"ImageObject\",\"inLanguage\":\"es-ES\",\"@id\":\"https:\/\/codipro.net\/es\/ejes-largos-en-codipro-nuestro-trabajo-diario-se-centra-en-las-necesidades-especificas\/#primaryimage\",\"url\":\"https:\/\/codipro.net\/app\/uploads\/2026\/01\/codipro-2601-article-3-long-bolts.jpg\",\"contentUrl\":\"https:\/\/codipro.net\/app\/uploads\/2026\/01\/codipro-2601-article-3-long-bolts.jpg\",\"width\":750,\"height\":500},{\"@type\":\"BreadcrumbList\",\"@id\":\"https:\/\/codipro.net\/es\/ejes-largos-en-codipro-nuestro-trabajo-diario-se-centra-en-las-necesidades-especificas\/#breadcrumb\",\"itemListElement\":[{\"@type\":\"ListItem\",\"position\":1,\"name\":\"Home\",\"item\":\"https:\/\/codipro.net\/es\/\"},{\"@type\":\"ListItem\",\"position\":2,\"name\":\"Ejes largos: en CODIPRO, nuestro trabajo diario se centra en las necesidades \u201cespec\u00edficas\u201d\"}]},{\"@type\":\"WebSite\",\"@id\":\"https:\/\/codipro.net\/es\/#website\",\"url\":\"https:\/\/codipro.net\/es\/\",\"name\":\"CODIPRO\",\"description\":\"El especialista en c\u00e1ncamos giratorios de elevaci\u00f3n\",\"publisher\":{\"@id\":\"https:\/\/codipro.net\/es\/#organization\"},\"potentialAction\":[{\"@type\":\"SearchAction\",\"target\":{\"@type\":\"EntryPoint\",\"urlTemplate\":\"https:\/\/codipro.net\/es\/?s={search_term_string}\"},\"query-input\":{\"@type\":\"PropertyValueSpecification\",\"valueRequired\":true,\"valueName\":\"search_term_string\"}}],\"inLanguage\":\"es-ES\"},{\"@type\":\"Organization\",\"@id\":\"https:\/\/codipro.net\/es\/#organization\",\"name\":\"CODIPRO\",\"url\":\"https:\/\/codipro.net\/es\/\",\"logo\":{\"@type\":\"ImageObject\",\"inLanguage\":\"es-ES\",\"@id\":\"https:\/\/codipro.net\/es\/#\/schema\/logo\/image\/\",\"url\":\"https:\/\/codipro.net\/app\/uploads\/2022\/08\/codipro-logo-1.svg\",\"contentUrl\":\"https:\/\/codipro.net\/app\/uploads\/2022\/08\/codipro-logo-1.svg\",\"width\":\"1024\",\"height\":\"1024\",\"caption\":\"CODIPRO\"},\"image\":{\"@id\":\"https:\/\/codipro.net\/es\/#\/schema\/logo\/image\/\"},\"sameAs\":[\"https:\/\/linkedin.com\/company\/codipro\",\"https:\/\/www.youtube.com\/c\/CodiproSAWiltz\",\"https:\/\/vimeo.com\/codipro\"]},{\"@type\":\"Person\",\"@id\":\"https:\/\/codipro.net\/es\/#\/schema\/person\/dcd1f3b5f9bdaa4cbeff8a983a709443\",\"name\":\"Catherine Van Dyck\"}]}<\/script>\n<!-- \/ Yoast SEO plugin. -->","yoast_head_json":{"title":"Ejes largos: en CODIPRO, nuestro trabajo diario se centra en las necesidades \u201cespec\u00edficas\u201d | CODIPRO","description":"Siempre que se habla de los ejes largos se utiliza una palabra: \u201cespec\u00edfico\u201d y esto significa que no hay lugar para la improvisaci\u00f3n. \u00bfA qu\u00e9 se debe esto?Esto se debe a que este tipo de producto responde a exigencias precisas, t\u00e9cnicas y, con mucha frecuencia, a medida. En CODIPRO, hemos hecho de lo \u201cespec\u00edfico\u201d nuestra especialidad.","robots":{"index":"index","follow":"follow","max-snippet":"max-snippet:-1","max-image-preview":"max-image-preview:large","max-video-preview":"max-video-preview:-1"},"canonical":"https:\/\/codipro.net\/es\/ejes-largos-en-codipro-nuestro-trabajo-diario-se-centra-en-las-necesidades-especificas\/","og_locale":"es_ES","og_type":"article","og_title":"Ejes largos: en CODIPRO, nuestro trabajo diario se centra en las necesidades \u201cespec\u00edficas\u201d | CODIPRO","og_description":"Siempre que se habla de los ejes largos se utiliza una palabra: \u201cespec\u00edfico\u201d y esto significa que no hay lugar para la improvisaci\u00f3n. \u00bfA qu\u00e9 se debe esto?Esto se debe a que este tipo de producto responde a exigencias precisas, t\u00e9cnicas y, con mucha frecuencia, a medida. En CODIPRO, hemos hecho de lo \u201cespec\u00edfico\u201d nuestra especialidad.","og_url":"https:\/\/codipro.net\/es\/ejes-largos-en-codipro-nuestro-trabajo-diario-se-centra-en-las-necesidades-especificas\/","og_site_name":"CODIPRO","article_published_time":"2026-01-13T14:51:07+00:00","article_modified_time":"2026-01-13T14:53:25+00:00","og_image":[{"width":750,"height":500,"url":"https:\/\/codipro.net\/app\/uploads\/2026\/01\/codipro-2601-article-3-long-bolts.jpg","type":"image\/jpeg"}],"author":"Catherine Van Dyck","twitter_card":"summary_large_image","twitter_misc":{"Written by":"Catherine Van Dyck","Est. reading time":"2 minutes"},"schema":{"@context":"https:\/\/schema.org","@graph":[{"@type":"Article","@id":"https:\/\/codipro.net\/es\/ejes-largos-en-codipro-nuestro-trabajo-diario-se-centra-en-las-necesidades-especificas\/#article","isPartOf":{"@id":"https:\/\/codipro.net\/es\/ejes-largos-en-codipro-nuestro-trabajo-diario-se-centra-en-las-necesidades-especificas\/"},"author":{"name":"Catherine Van Dyck","@id":"https:\/\/codipro.net\/es\/#\/schema\/person\/dcd1f3b5f9bdaa4cbeff8a983a709443"},"headline":"Ejes largos: en CODIPRO, nuestro trabajo diario se centra en las necesidades \u201cespec\u00edficas\u201d","datePublished":"2026-01-13T14:51:07+00:00","dateModified":"2026-01-13T14:53:25+00:00","mainEntityOfPage":{"@id":"https:\/\/codipro.net\/es\/ejes-largos-en-codipro-nuestro-trabajo-diario-se-centra-en-las-necesidades-especificas\/"},"wordCount":14,"publisher":{"@id":"https:\/\/codipro.net\/es\/#organization"},"image":{"@id":"https:\/\/codipro.net\/es\/ejes-largos-en-codipro-nuestro-trabajo-diario-se-centra-en-las-necesidades-especificas\/#primaryimage"},"thumbnailUrl":"https:\/\/codipro.net\/app\/uploads\/2026\/01\/codipro-2601-article-3-long-bolts.jpg","articleSection":["T\u00e9cnica"],"inLanguage":"es-ES"},{"@type":"WebPage","@id":"https:\/\/codipro.net\/es\/ejes-largos-en-codipro-nuestro-trabajo-diario-se-centra-en-las-necesidades-especificas\/","url":"https:\/\/codipro.net\/es\/ejes-largos-en-codipro-nuestro-trabajo-diario-se-centra-en-las-necesidades-especificas\/","name":"Ejes largos: en CODIPRO, nuestro trabajo diario se centra en las necesidades \u201cespec\u00edficas\u201d | CODIPRO","isPartOf":{"@id":"https:\/\/codipro.net\/es\/#website"},"primaryImageOfPage":{"@id":"https:\/\/codipro.net\/es\/ejes-largos-en-codipro-nuestro-trabajo-diario-se-centra-en-las-necesidades-especificas\/#primaryimage"},"image":{"@id":"https:\/\/codipro.net\/es\/ejes-largos-en-codipro-nuestro-trabajo-diario-se-centra-en-las-necesidades-especificas\/#primaryimage"},"thumbnailUrl":"https:\/\/codipro.net\/app\/uploads\/2026\/01\/codipro-2601-article-3-long-bolts.jpg","datePublished":"2026-01-13T14:51:07+00:00","dateModified":"2026-01-13T14:53:25+00:00","description":"Siempre que se habla de los ejes largos se utiliza una palabra: \u201cespec\u00edfico\u201d y esto significa que no hay lugar para la improvisaci\u00f3n. \u00bfA qu\u00e9 se debe esto?Esto se debe a que este tipo de producto responde a exigencias precisas, t\u00e9cnicas y, con mucha frecuencia, a medida. En CODIPRO, hemos hecho de lo \u201cespec\u00edfico\u201d nuestra especialidad.","breadcrumb":{"@id":"https:\/\/codipro.net\/es\/ejes-largos-en-codipro-nuestro-trabajo-diario-se-centra-en-las-necesidades-especificas\/#breadcrumb"},"inLanguage":"es-ES","potentialAction":[{"@type":"ReadAction","target":["https:\/\/codipro.net\/es\/ejes-largos-en-codipro-nuestro-trabajo-diario-se-centra-en-las-necesidades-especificas\/"]}]},{"@type":"ImageObject","inLanguage":"es-ES","@id":"https:\/\/codipro.net\/es\/ejes-largos-en-codipro-nuestro-trabajo-diario-se-centra-en-las-necesidades-especificas\/#primaryimage","url":"https:\/\/codipro.net\/app\/uploads\/2026\/01\/codipro-2601-article-3-long-bolts.jpg","contentUrl":"https:\/\/codipro.net\/app\/uploads\/2026\/01\/codipro-2601-article-3-long-bolts.jpg","width":750,"height":500},{"@type":"BreadcrumbList","@id":"https:\/\/codipro.net\/es\/ejes-largos-en-codipro-nuestro-trabajo-diario-se-centra-en-las-necesidades-especificas\/#breadcrumb","itemListElement":[{"@type":"ListItem","position":1,"name":"Home","item":"https:\/\/codipro.net\/es\/"},{"@type":"ListItem","position":2,"name":"Ejes largos: en CODIPRO, nuestro trabajo diario se centra en las necesidades \u201cespec\u00edficas\u201d"}]},{"@type":"WebSite","@id":"https:\/\/codipro.net\/es\/#website","url":"https:\/\/codipro.net\/es\/","name":"CODIPRO","description":"El especialista en c\u00e1ncamos giratorios de elevaci\u00f3n","publisher":{"@id":"https:\/\/codipro.net\/es\/#organization"},"potentialAction":[{"@type":"SearchAction","target":{"@type":"EntryPoint","urlTemplate":"https:\/\/codipro.net\/es\/?s={search_term_string}"},"query-input":{"@type":"PropertyValueSpecification","valueRequired":true,"valueName":"search_term_string"}}],"inLanguage":"es-ES"},{"@type":"Organization","@id":"https:\/\/codipro.net\/es\/#organization","name":"CODIPRO","url":"https:\/\/codipro.net\/es\/","logo":{"@type":"ImageObject","inLanguage":"es-ES","@id":"https:\/\/codipro.net\/es\/#\/schema\/logo\/image\/","url":"https:\/\/codipro.net\/app\/uploads\/2022\/08\/codipro-logo-1.svg","contentUrl":"https:\/\/codipro.net\/app\/uploads\/2022\/08\/codipro-logo-1.svg","width":"1024","height":"1024","caption":"CODIPRO"},"image":{"@id":"https:\/\/codipro.net\/es\/#\/schema\/logo\/image\/"},"sameAs":["https:\/\/linkedin.com\/company\/codipro","https:\/\/www.youtube.com\/c\/CodiproSAWiltz","https:\/\/vimeo.com\/codipro"]},{"@type":"Person","@id":"https:\/\/codipro.net\/es\/#\/schema\/person\/dcd1f3b5f9bdaa4cbeff8a983a709443","name":"Catherine Van Dyck"}]}},"_links":{"self":[{"href":"https:\/\/codipro.net\/es\/wp-json\/wp\/v2\/posts\/21754","targetHints":{"allow":["GET"]}}],"collection":[{"href":"https:\/\/codipro.net\/es\/wp-json\/wp\/v2\/posts"}],"about":[{"href":"https:\/\/codipro.net\/es\/wp-json\/wp\/v2\/types\/post"}],"author":[{"embeddable":true,"href":"https:\/\/codipro.net\/es\/wp-json\/wp\/v2\/users\/7"}],"replies":[{"embeddable":true,"href":"https:\/\/codipro.net\/es\/wp-json\/wp\/v2\/comments?post=21754"}],"version-history":[{"count":2,"href":"https:\/\/codipro.net\/es\/wp-json\/wp\/v2\/posts\/21754\/revisions"}],"predecessor-version":[{"id":21931,"href":"https:\/\/codipro.net\/es\/wp-json\/wp\/v2\/posts\/21754\/revisions\/21931"}],"wp:featuredmedia":[{"embeddable":true,"href":"https:\/\/codipro.net\/es\/wp-json\/wp\/v2\/media\/21905"}],"wp:attachment":[{"href":"https:\/\/codipro.net\/es\/wp-json\/wp\/v2\/media?parent=21754"}],"wp:term":[{"taxonomy":"category","embeddable":true,"href":"https:\/\/codipro.net\/es\/wp-json\/wp\/v2\/categories?post=21754"},{"taxonomy":"post_tag","embeddable":true,"href":"https:\/\/codipro.net\/es\/wp-json\/wp\/v2\/tags?post=21754"}],"curies":[{"name":"wp","href":"https:\/\/api.w.org\/{rel}","templated":true}]}}